{"id":41318,"date":"2020-04-15T15:24:56","date_gmt":"2020-04-15T13:24:56","guid":{"rendered":"http:\/\/www.romainpiazza.it\/?p=41318"},"modified":"2020-04-15T15:24:56","modified_gmt":"2020-04-15T13:24:56","slug":"cronache-dal-futuro-politica","status":"publish","type":"post","link":"https:\/\/www.romainpiazza.cloud\/index.php\/cronache-dal-futuro-politica\/","title":{"rendered":"Cronache dal futuro POLITICA"},"content":{"rendered":"<p><a href=\"http:\/\/www.romainpiazza.cloud\/wp-content\/uploads\/2020\/04\/angelo.jpg\"><img loading=\"lazy\" decoding=\"async\" class=\"alignnone size-medium wp-image-41319\" src=\"http:\/\/www.romainpiazza.cloud\/wp-content\/uploads\/2020\/04\/angelo-300x228.jpg\" alt=\"angelo\" width=\"300\" height=\"228\" srcset=\"https:\/\/www.romainpiazza.cloud\/wp-content\/uploads\/2020\/04\/angelo-300x228.jpg 300w, https:\/\/www.romainpiazza.cloud\/wp-content\/uploads\/2020\/04\/angelo.jpg 946w\" sizes=\"auto, (max-width: 300px) 100vw, 300px\" \/><\/a><br \/>\nPOLITICA<br \/>\nCon l\u2019approssimarsi della fase 2 e soprattutto della 3, che si spera sia quella della ripartenza, si avvicina a scadenza la fase in cui Conte poteva traccheggiare tra PD e 5S e innanzitutto tra le varie anime 5S.<br \/>\nLe sue, scarse, possibilit\u00e0 di permanenza si fondano tutte sulla sua capacit\u00e0 o meno di traghettare il pi\u00f9 numeroso possibile numero di 5S sulla sponda del realismo e del governismo che, in questa fase, significa accettare tutti gli aiu<span class=\"text_exposed_show\">ti finanziari possibili delle varie componenti europee a prescindere da ideologismi e pregiudizi. Altra fondamentale condizione \u00e8 far digerire, sempre ai suoi grillini, l\u2019ingresso dell\u2019ennesimamente redivivo Berlusconi nell\u2019area governativa. Quest\u2019ultima condizione \u00e8 d\u2019altronde essenziale per rassicurare i partner europei conservatori su una sostanziale stabilit\u00e0 politica italiana.<br \/>\nSe riesce in questo piccolo capolavoro Conte far\u00e0 rapidamente e totalmente dimenticare errori e lentezze che, pur in una gestione tutto sommato dignitosa, non sono mancati.<br \/>\nIl successivo, e pi\u00f9 complicato, step sar\u00e0 far digerire una fase sostanzialmente degiuridicizzata e deburocratizzata di una gestione massivamente statalista e centralizzata dell\u2019economia e delle istituzioni.<br \/>\nLa partita pi\u00f9 dura sar\u00e0 quella della degiuridicizzazione che potr\u00e0 essere vinta con la conquista totale dell\u2019opinione pubblica che opererebbe quindi un capovolgimento di sentiment rispetto al giustizialismo precedente. Capovolgimento possibile con l\u2019accorto e diffuso strumento dell\u2019inondazione di fondi finanziari a tutti gli strati della popolazione e a tutti i settori produttivi senza lacci e lacciuoli. Baster\u00e0 una puntuale denuncia all\u2019opinione pubblica di tradimento degli interessi nazionali a chi si azzarder\u00e0 a produrre ricorsi che tentino di bloccare appalti e opere pubbliche necessarie al rilancio dell\u2019economia.<\/span><\/p>\n","protected":false},"excerpt":{"rendered":"<p>POLITICA Con l\u2019approssimarsi della fase 2 e soprattutto della 3, che si spera sia quella della ripartenza, si avvicina a scadenza la fase in cui Conte poteva traccheggiare tra PD e 5S e innanzitutto tra le varie anime 5S. Le sue, scarse, possibilit\u00e0 di permanenza si fondano tutte sulla sua capacit\u00e0 o meno di traghettare [&hellip;]<\/p>\n","protected":false},"author":268,"featured_media":0,"comment_status":"open","ping_status":"open","sticky":false,"template":"","format":"standard","meta":{"footnotes":""},"categories":[581,579],"tags":[],"class_list":["post-41318","post","type-post","status-publish","format-standard","hentry","category-in-evidenza","category-innovazione-sociale"],"_links":{"self":[{"href":"https:\/\/www.romainpiazza.cloud\/index.php\/wp-json\/wp\/v2\/posts\/41318","targetHints":{"allow":["GET"]}}],"collection":[{"href":"https:\/\/www.romainpiazza.cloud\/index.php\/wp-json\/wp\/v2\/posts"}],"about":[{"href":"https:\/\/www.romainpiazza.cloud\/index.php\/wp-json\/wp\/v2\/types\/post"}],"author":[{"embeddable":true,"href":"https:\/\/www.romainpiazza.cloud\/index.php\/wp-json\/wp\/v2\/users\/268"}],"replies":[{"embeddable":true,"href":"https:\/\/www.romainpiazza.cloud\/index.php\/wp-json\/wp\/v2\/comments?post=41318"}],"version-history":[{"count":1,"href":"https:\/\/www.romainpiazza.cloud\/index.php\/wp-json\/wp\/v2\/posts\/41318\/revisions"}],"predecessor-version":[{"id":41320,"href":"https:\/\/www.romainpiazza.cloud\/index.php\/wp-json\/wp\/v2\/posts\/41318\/revisions\/41320"}],"wp:attachment":[{"href":"https:\/\/www.romainpiazza.cloud\/index.php\/wp-json\/wp\/v2\/media?parent=41318"}],"wp:term":[{"taxonomy":"category","embeddable":true,"href":"https:\/\/www.romainpiazza.cloud\/index.php\/wp-json\/wp\/v2\/categories?post=41318"},{"taxonomy":"post_tag","embeddable":true,"href":"https:\/\/www.romainpiazza.cloud\/index.php\/wp-json\/wp\/v2\/tags?post=41318"}],"curies":[{"name":"wp","href":"https:\/\/api.w.org\/{rel}","templated":true}]}}