{"id":41306,"date":"2020-04-02T10:27:28","date_gmt":"2020-04-02T08:27:28","guid":{"rendered":"http:\/\/www.romainpiazza.it\/?p=41306"},"modified":"2020-04-18T14:40:37","modified_gmt":"2020-04-18T12:40:37","slug":"cronache-dal-futuro-tecnologia-e-comunita","status":"publish","type":"post","link":"https:\/\/www.romainpiazza.cloud\/index.php\/cronache-dal-futuro-tecnologia-e-comunita\/","title":{"rendered":"Cronache dal futuro TECNOLOGIA E COMUNIT\u00c0"},"content":{"rendered":"<p><a href=\"http:\/\/www.romainpiazza.cloud\/wp-content\/uploads\/2020\/04\/70780332-C00B-4429-A74E-2D395ACCDEA0.png\"><img loading=\"lazy\" decoding=\"async\" class=\"alignnone size-medium wp-image-41307\" src=\"http:\/\/www.romainpiazza.cloud\/wp-content\/uploads\/2020\/04\/70780332-C00B-4429-A74E-2D395ACCDEA0-300x168.png\" alt=\"70780332-C00B-4429-A74E-2D395ACCDEA0\" width=\"300\" height=\"168\" srcset=\"https:\/\/www.romainpiazza.cloud\/wp-content\/uploads\/2020\/04\/70780332-C00B-4429-A74E-2D395ACCDEA0-300x168.png 300w, https:\/\/www.romainpiazza.cloud\/wp-content\/uploads\/2020\/04\/70780332-C00B-4429-A74E-2D395ACCDEA0-1024x576.png 1024w, https:\/\/www.romainpiazza.cloud\/wp-content\/uploads\/2020\/04\/70780332-C00B-4429-A74E-2D395ACCDEA0.png 1280w\" sizes=\"auto, (max-width: 300px) 100vw, 300px\" \/><\/a>\u00a0Cronache dal futuro<br \/>\nTECNOLOGIA E COMUNIT\u00c0<br \/>\nStiamo continuando ad avere una vita sociale attraverso la tecnologia. Stiamo continua a studiare, a lavorare, ad elaborare, a produrre attraverso la tecnologia.<br \/>\nCome questo nuovo modello si consolider\u00e0 ed evolver\u00e0 \u00e8 la domanda. Come questo nuovo modello impatter\u00e0 e plasmer\u00e0 la realt\u00e0 sociale \u00e8 la domanda delle domande. Se modificheremo di molto il grado d\u2019interconnessione dal livello fisico a quello telematico quanto e come sar\u00e0 modificata l\u2019organizzazione della societ\u00e0?<br \/>\nSicuramente i due parametri del tempo e dello spazio saranno modificati. Ci sposteremo di meno nello spazio. Avremo un utilizzo pi\u00f9 fluido del tempo. Sparir\u00e0 la distinzione tra tempo produttivo e tempo libero. Muoversi sar\u00e0 sempre pi\u00f9 una libera scelta e non un obbligo codificato.<br \/>\nTutto questo sar\u00e0 un effetto della tecnologia. Ma in pratica come incider\u00e0 nella nostra vita la tecnologia? Se andremo di meno nei negozi questo diminuir\u00e0 o aumenter\u00e0 le nostre possibilit\u00e0 di scelta?<br \/>\nVediamo, per esempio, che propone gi\u00e0 oggi il marchio di scarpe Vans sui social: ognuno pu\u00f2 progettarsi il suo modello di scarpa personalizzato scegliendosi colori, disegni, ecc\u2026 Dal punto di vista invece dei produttori artigianali vediamo, sempre per esempio, gi\u00e0 oggi la possibilit\u00e0 di creare linee di prodotti che vanno dalle t-shirt alle tazze che saranno poi prodotte, commercializzate e spedite dalla piattaforma che offre il servizio.<br \/>\nMa questi due esempi non modificano in sostanza il processo produttivo, modificano solo la filiera logistica. L\u2019esempio delle valvole per i respiratori per il coronavirus, invece, \u00e8 completamente un altro modello perch\u00e9, ormai a livello internazionale, chiunque ha la possibilit\u00e0 di utilizzare il progetto in quanto open source. Questa gratuit\u00e0 per\u00f2 non risolve il problema dello scambio di servizi e beni che sempre pi\u00f9 pu\u00f2 essere veicolato in rete.<br \/>\nOccorre prevedere un sistema di scambio. Ogni scambio \u00e8 possibile se c\u2019\u00e8 una misurazione di valore comune che permetta di tarare i beni e i servizi in scambio. Una blockchain permette, in assoluta trasparenza, condivisione e sicurezza, questa misurazione. Questo tecnologia gi\u00e0 oggi \u00e8 usata per scambi in sicurezza e per certificazioni di filiere, per esempio, alimentari.<br \/>\nDobbiamo cominciare a pensare a un utilizzo di blockchain di comunit\u00e0 che permettano lo scambio di beni e servizi, a cominciare ad esempio dall\u2019energia alternativa autoprodotta, all\u2019interno di vere e proprie banche del tempo territoriali.<br \/>\nUn domani oltre al GSE che gestisce la borsa dell\u2019energia ci saranno varie reti che scambieranno beni e servizi tra le varie comunit\u00e0.<br \/>\nWebgrafia:<br \/>\n<a href=\"https:\/\/cdn.qualenergia.it\/wp-content\/uploads\/2018\/12\/Fer-0.pdf\">Direttiva UE sulle comunit\u00e0 energetiche:<\/a><\/p>\n<p><a href=\"https:\/\/it.m.wikipedia.org\/wiki\/Blockchain\">Blockchain<\/a><\/p>\n<p><a href=\"https:\/\/www.democratica.com\/focus\/sardex-sardegna-finanza-credito\/\">Sardex<\/a> (moneta complementare)<\/p>\n<p>&nbsp;<\/p>\n<p><a href=\"https:\/\/www.vans.it\/customs.html?utm_source=social&amp;utm_medium=social_paid&amp;utm_campaign=custom_it&amp;fbclid=IwAR3DgZAGHWWtc8fhykTzz4UB_H2uQc4TaTRwCdH1yAvVXBR_Cpzy2cX4Y_s\">Scarpe Vans<\/a> (personalizza le tue Vans):<\/p>\n<p>Avvia un prodotto \u00a0online<br \/>\nhttps:\/\/it.shopify.com\/print-on-demand<\/p>\n<p><a href=\"http:\/\/www.romainpiazza.cloud\/wp-content\/uploads\/2020\/04\/738E5AC6-A819-400C-90E2-054AEE57EA2B.jpeg\"><img loading=\"lazy\" decoding=\"async\" class=\"alignnone size-medium wp-image-41308\" src=\"http:\/\/www.romainpiazza.cloud\/wp-content\/uploads\/2020\/04\/738E5AC6-A819-400C-90E2-054AEE57EA2B-300x288.jpeg\" alt=\"738E5AC6-A819-400C-90E2-054AEE57EA2B\" width=\"300\" height=\"288\" srcset=\"https:\/\/www.romainpiazza.cloud\/wp-content\/uploads\/2020\/04\/738E5AC6-A819-400C-90E2-054AEE57EA2B-300x288.jpeg 300w, https:\/\/www.romainpiazza.cloud\/wp-content\/uploads\/2020\/04\/738E5AC6-A819-400C-90E2-054AEE57EA2B-1024x984.jpeg 1024w, https:\/\/www.romainpiazza.cloud\/wp-content\/uploads\/2020\/04\/738E5AC6-A819-400C-90E2-054AEE57EA2B.jpeg 1080w\" sizes=\"auto, (max-width: 300px) 100vw, 300px\" \/><\/a><\/p>\n","protected":false},"excerpt":{"rendered":"<p>\u00a0Cronache dal futuro TECNOLOGIA E COMUNIT\u00c0 Stiamo continuando ad avere una vita sociale attraverso la tecnologia. Stiamo continua a studiare, a lavorare, ad elaborare, a produrre attraverso la tecnologia. Come questo nuovo modello si consolider\u00e0 ed evolver\u00e0 \u00e8 la domanda. Come questo nuovo modello impatter\u00e0 e plasmer\u00e0 la realt\u00e0 sociale \u00e8 la domanda delle domande. [&hellip;]<\/p>\n","protected":false},"author":268,"featured_media":0,"comment_status":"open","ping_status":"open","sticky":false,"template":"","format":"standard","meta":{"footnotes":""},"categories":[581,579],"tags":[],"class_list":["post-41306","post","type-post","status-publish","format-standard","hentry","category-in-evidenza","category-innovazione-sociale"],"_links":{"self":[{"href":"https:\/\/www.romainpiazza.cloud\/index.php\/wp-json\/wp\/v2\/posts\/41306","targetHints":{"allow":["GET"]}}],"collection":[{"href":"https:\/\/www.romainpiazza.cloud\/index.php\/wp-json\/wp\/v2\/posts"}],"about":[{"href":"https:\/\/www.romainpiazza.cloud\/index.php\/wp-json\/wp\/v2\/types\/post"}],"author":[{"embeddable":true,"href":"https:\/\/www.romainpiazza.cloud\/index.php\/wp-json\/wp\/v2\/users\/268"}],"replies":[{"embeddable":true,"href":"https:\/\/www.romainpiazza.cloud\/index.php\/wp-json\/wp\/v2\/comments?post=41306"}],"version-history":[{"count":5,"href":"https:\/\/www.romainpiazza.cloud\/index.php\/wp-json\/wp\/v2\/posts\/41306\/revisions"}],"predecessor-version":[{"id":41335,"href":"https:\/\/www.romainpiazza.cloud\/index.php\/wp-json\/wp\/v2\/posts\/41306\/revisions\/41335"}],"wp:attachment":[{"href":"https:\/\/www.romainpiazza.cloud\/index.php\/wp-json\/wp\/v2\/media?parent=41306"}],"wp:term":[{"taxonomy":"category","embeddable":true,"href":"https:\/\/www.romainpiazza.cloud\/index.php\/wp-json\/wp\/v2\/categories?post=41306"},{"taxonomy":"post_tag","embeddable":true,"href":"https:\/\/www.romainpiazza.cloud\/index.php\/wp-json\/wp\/v2\/tags?post=41306"}],"curies":[{"name":"wp","href":"https:\/\/api.w.org\/{rel}","templated":true}]}}