{"id":41290,"date":"2020-04-09T09:50:22","date_gmt":"2020-04-09T07:50:22","guid":{"rendered":"http:\/\/www.romainpiazza.it\/?p=41290"},"modified":"2020-04-11T09:51:50","modified_gmt":"2020-04-11T07:51:50","slug":"cronache-dal-futuro-ragionamenti","status":"publish","type":"post","link":"https:\/\/www.romainpiazza.cloud\/index.php\/cronache-dal-futuro-ragionamenti\/","title":{"rendered":"Cronache dal futuro  RAGIONAMENTI"},"content":{"rendered":"<p><a href=\"http:\/\/www.romainpiazza.cloud\/wp-content\/uploads\/2020\/04\/05D1D222-6576-438C-AD16-CCE9BF611AFE.png\"><img loading=\"lazy\" decoding=\"async\" class=\"alignnone size-medium wp-image-41289\" src=\"http:\/\/www.romainpiazza.cloud\/wp-content\/uploads\/2020\/04\/05D1D222-6576-438C-AD16-CCE9BF611AFE-300x168.png\" alt=\"05D1D222-6576-438C-AD16-CCE9BF611AFE\" width=\"300\" height=\"168\" srcset=\"https:\/\/www.romainpiazza.cloud\/wp-content\/uploads\/2020\/04\/05D1D222-6576-438C-AD16-CCE9BF611AFE-300x168.png 300w, https:\/\/www.romainpiazza.cloud\/wp-content\/uploads\/2020\/04\/05D1D222-6576-438C-AD16-CCE9BF611AFE-1024x576.png 1024w, https:\/\/www.romainpiazza.cloud\/wp-content\/uploads\/2020\/04\/05D1D222-6576-438C-AD16-CCE9BF611AFE.png 1280w\" sizes=\"auto, (max-width: 300px) 100vw, 300px\" \/><\/a><br \/>\nCronache dal futuro<br \/>\nRAGIONAMENTI<br \/>\nGiuseppe Cotturi \u201c2020: un nuovo umanesimo \u201c: \u201c\u00c8 in corso un processo di apprendimento collettivo, obbligato certo, sterminato e rapidissimo\u2026Questo attuale apprendimento ha dunque carattere veramente universale, sia per l\u2019ordine di coinvolgimento delle persone, sia per il nucleo di pensiero che impone: quello della responsabilit\u00e0 di tutti e di ciascuno\u2026i comportamenti dei singoli hanno infatti il loro peso sulla possibilit\u00e0 che certe soluzioni siano cercate non contro altri, ma per s\u00e9 e per tutti, quindi insieme ad altri\u2026<br \/>\ncredo che le condizioni culturali di base per la formazione di un\u2019altra umanit\u00e0 si stiano ponendo. Anzi, per la prima volta, la parola umanit\u00e0 pu\u00f2 designare una sterminata comunit\u00e0 concreta di persone: \u2026 soggettivit\u00e0 e conoscenza critica di miliardi di persone che qui e ora si stanno interrogando su come agire per beni comuni\u2026un inizio di presenza, un processo di formazione universale e contestuale di pensiero critico. Questa\u2026 dovr\u00e0 produrre visioni, progetti, programmi comuni\u2026Non solo pensieri di \u00e9lite, non solo saperi di studiosi isolati, non programmi di avanguardie: ma pensieri di gente comune pensati allo stesso tempo e per convergenza con altri\u2026Questa terribile esperienza fa nascere in tutti e in ciascuno qualcosa di nuovo. Sar\u00e0 possibile che un\u2019altra politica prenda forma?&#8230;<br \/>\nsi devono trovare infatti soluzioni non contraddittorie alla concatenata serie di problemi, che la crisi pandemica ha messo in luce: problemi del sapere, dell\u2019economia, della politica, dei compiti irrinunciabili della protezione pubblica e del regime individuale delle libert\u00e0\u201d<br \/>\n<a href=\"%20https:\/\/www.centroriformastato.it\/ author\/giuseppe-cotturri\/\">https:\/\/www.centroriformastato.it\/ author\/giuseppe-cotturri\/<\/a><\/p>\n","protected":false},"excerpt":{"rendered":"<p>Cronache dal futuro RAGIONAMENTI Giuseppe Cotturi \u201c2020: un nuovo umanesimo \u201c: \u201c\u00c8 in corso un processo di apprendimento collettivo, obbligato certo, sterminato e rapidissimo\u2026Questo attuale apprendimento ha dunque carattere veramente universale, sia per l\u2019ordine di coinvolgimento delle persone, sia per il nucleo di pensiero che impone: quello della responsabilit\u00e0 di tutti e di ciascuno\u2026i comportamenti [&hellip;]<\/p>\n","protected":false},"author":268,"featured_media":0,"comment_status":"open","ping_status":"open","sticky":false,"template":"","format":"standard","meta":{"footnotes":""},"categories":[581,579],"tags":[],"class_list":["post-41290","post","type-post","status-publish","format-standard","hentry","category-in-evidenza","category-innovazione-sociale"],"_links":{"self":[{"href":"https:\/\/www.romainpiazza.cloud\/index.php\/wp-json\/wp\/v2\/posts\/41290","targetHints":{"allow":["GET"]}}],"collection":[{"href":"https:\/\/www.romainpiazza.cloud\/index.php\/wp-json\/wp\/v2\/posts"}],"about":[{"href":"https:\/\/www.romainpiazza.cloud\/index.php\/wp-json\/wp\/v2\/types\/post"}],"author":[{"embeddable":true,"href":"https:\/\/www.romainpiazza.cloud\/index.php\/wp-json\/wp\/v2\/users\/268"}],"replies":[{"embeddable":true,"href":"https:\/\/www.romainpiazza.cloud\/index.php\/wp-json\/wp\/v2\/comments?post=41290"}],"version-history":[{"count":1,"href":"https:\/\/www.romainpiazza.cloud\/index.php\/wp-json\/wp\/v2\/posts\/41290\/revisions"}],"predecessor-version":[{"id":41291,"href":"https:\/\/www.romainpiazza.cloud\/index.php\/wp-json\/wp\/v2\/posts\/41290\/revisions\/41291"}],"wp:attachment":[{"href":"https:\/\/www.romainpiazza.cloud\/index.php\/wp-json\/wp\/v2\/media?parent=41290"}],"wp:term":[{"taxonomy":"category","embeddable":true,"href":"https:\/\/www.romainpiazza.cloud\/index.php\/wp-json\/wp\/v2\/categories?post=41290"},{"taxonomy":"post_tag","embeddable":true,"href":"https:\/\/www.romainpiazza.cloud\/index.php\/wp-json\/wp\/v2\/tags?post=41290"}],"curies":[{"name":"wp","href":"https:\/\/api.w.org\/{rel}","templated":true}]}}