{"id":41285,"date":"2020-04-10T09:36:31","date_gmt":"2020-04-10T07:36:31","guid":{"rendered":"http:\/\/www.romainpiazza.it\/?p=41285"},"modified":"2020-04-11T09:48:27","modified_gmt":"2020-04-11T07:48:27","slug":"cronache-dal-futuro-arte-ma-non-solo","status":"publish","type":"post","link":"https:\/\/www.romainpiazza.cloud\/index.php\/cronache-dal-futuro-arte-ma-non-solo\/","title":{"rendered":"Cronache dal futuro  ARTE (ma non solo)"},"content":{"rendered":"<p><a href=\"http:\/\/www.romainpiazza.cloud\/wp-content\/uploads\/2020\/04\/4AE7FA16-C200-4823-BAF8-1E04A7790CFF.png\"><img loading=\"lazy\" decoding=\"async\" class=\"alignnone size-medium wp-image-41286\" src=\"http:\/\/www.romainpiazza.cloud\/wp-content\/uploads\/2020\/04\/4AE7FA16-C200-4823-BAF8-1E04A7790CFF-300x168.png\" alt=\"4AE7FA16-C200-4823-BAF8-1E04A7790CFF\" width=\"300\" height=\"168\" srcset=\"https:\/\/www.romainpiazza.cloud\/wp-content\/uploads\/2020\/04\/4AE7FA16-C200-4823-BAF8-1E04A7790CFF-300x168.png 300w, https:\/\/www.romainpiazza.cloud\/wp-content\/uploads\/2020\/04\/4AE7FA16-C200-4823-BAF8-1E04A7790CFF-1024x576.png 1024w, https:\/\/www.romainpiazza.cloud\/wp-content\/uploads\/2020\/04\/4AE7FA16-C200-4823-BAF8-1E04A7790CFF.png 1280w\" sizes=\"auto, (max-width: 300px) 100vw, 300px\" \/><\/a><br \/>\nCronache dal futuro<br \/>\nARTE (ma non solo)<br \/>\nFrancesco Cascino \u201cIl ruolo dell\u2019arte durante e dopo la pandemia\u201d: \u201cL\u2019arte \u00e8 risposta, \u00e8 problem solving: chi progetta e realizza soluzioni per intervenire su processi e sistemi complessi di ogni genere, dall\u2019agricoltura al turismo, dall\u2019urbanistica all\u2019industria, dai servizi al commercio, lo sa bene, perch\u00e9 l\u2018ha esperita e ne ha tratto insegnamenti, stimoli e visioni\u2026<br \/>\nL\u2019arte, con le sue pratiche, \u00e8 in grado di collaborare anche nella guerra contro la pandemia, alleandosi agli esperti per trovare soluzioni intelligenti, innovative e socialmente utili\u2026le idee migliori sanno coniugare estetica e funzione. L\u2019armonia \u00e8 funzionale\u2026<br \/>\nL\u2019arte e le sue pratiche sono ancora in grado di affrontare e risolvere i problemi della contemporaneit\u00e0\u2026comprendere i bisogni e offrire il contributo che hanno sempre dato, costruendo dispositivi di senso\u2026che attivano concretamente sinapsi e ingranaggi operativi che producono nuovo senso e nuove visioni\u2026capaci di trovare una nuova strumentazione emotiva e culturale contro le crisi\u2026<br \/>\nIl punto determinante \u00e8 che cambier\u00e0 molto perch\u00e9 molto sta cambiando nelle vite di ciascuno. Servono gli artisti con la loro capacit\u00e0 relazionale per comprendere come stanno cambiando. Quando non hai strumenti per indagare, imparare dai non-vedenti \u00e8 fondamentale, prova a comprendere con le mani: proprio il mestiere che fanno gli artisti. Comprendere: prendere con s\u00e9\u2026Dobbiamo riscoprirci curiosi, in tensione verso un futuro figlio della nostra inevitabile storia, usando l\u2019unica materia prima di cui possiamo disporre: la nostra intelligenza e la capacit\u00e0 di stare al mondo in armonia. Il nostro destino \u00e8 di essere avanti o di non esserci\u2026Jacques Derrida diceva, parlando dell\u2019Europa, che questo continente ha la sua ragion d\u2019essere in quanto \u201cpolena\u201d del mondo. Cio\u00e8, o arriva per prima o perde senso e identit\u00e0. Non c\u2019\u00e8 metafora migliore per descrivere la situazione in cui ci troviamo.<br \/>\nOggi c\u2019\u00e8 una partita aperta e servono figure di raccordo fra il mondo dell\u2019arte e delle industrie culturali e creative, le istituzioni, i corpi intermedi e le imprese disposte a giocarsela: che si facciano protagoniste per progettare soluzioni che ci permettano di ripartire da altri presupposti.\u201d<br \/>\n<a href=\"https:\/\/www.artribune.com\/arti-visive\/arte-contemporanea\/2020\/04\/pandemia-artisti\/?utm_source=Newsletter+Artribune&amp;utm_campaign=4af6592560-&amp;utm_medium=email&amp;utm_term=0_dc515150dd-4af6592560-154100493&amp;ct=t%28%29&amp;goal=0_dc515150dd-4af6592560-154100493&amp;fbclid=IwAR1ILmK9L2Q2U3_PnFkf-DfXYlPbk-2QMXrSpfKFgFcXtzWMVi9SmSt17LU\">https:\/\/www.artribune.com\/arti-visive\/arte-contemporanea\/2020\/04\/pandemia-artisti\/?utm_source=Newsletter+Artribune&amp;utm_campaign=4af6592560-&amp;utm_medium=email&amp;utm_term=0_dc515150dd-4af6592560-154100493&amp;ct=t%28%29&amp;goal=0_dc515150dd-4af6592560-154100493&amp;fbclid=IwAR1ILmK9L2Q2U3_PnFkf-DfXYlPbk-2QMXrSpfKFgFcXtzWMVi9SmSt17LU<\/a><\/p>\n<p>BENI CULTURALI<\/p>\n<p>Anna Reggiani \u201cMusei, restauro, turismo culturale, quale futuro?\u201d: \u201cnon \u00e8 immaginabile che si ritorni alla gara sui pi\u00f9 alti numeri di ingresso, perch\u00e9 i turisti stranieri diminuiranno e gli operatori del settore pi\u00f9 responsabili prevedono un \u201cturismo di prossimit\u00e0\u201d, innescato da gite non lontano da casa. I flussi turistici maggiori invece, dovranno essere indirizzati, con notevole sforzo organizzativo, verso una maggiore sostenibilit\u00e0\u2026E\u2019 quindi arrivato il momento di adeguare agli standard internazionali anche il variegato e complesso arcipelago dei beni culturali. Semplificazione normativa, modernizzazione tecnologica, velocizzazioni autorizzatorie\u2026Se finora l\u2019innovazione tecnologica e i social media sono stati utilizzati dalle istituzioni, per lo pi\u00f9 come strumenti di propaganda e di informazione, trascurando la dematerializzazione dei luoghi fisici, in un futuro \u00e8 verosimile che la trasmissione, divulgazione e condivisione di contenuti avvenga in tempo reale, in un unico ambiente virtuale, connesso da remoto\u201d<br \/>\n<a href=\"https:\/\/www.restauratorisenzafrontiere.com\/musei-restauro-turismo-culturale-quale-futuro-di-anna-maria-reggiani\/?fbclid=IwAR2Lf6KuUk1FO7Brm4imGpcj2ozqSGlWNy-klqOJnrMMEPQj9Z1MLlR7hck\">https:\/\/www.restauratorisenzafrontiere.com\/musei-restauro-\u2026\/<\/a><br \/>\nimmagine:<\/p>\n<p><a href=\"https:\/\/napoli.repubblica.it\/cronaca\/2020\/04\/01\/foto\/coronavirus_l_idea_di_simona_le_mie_mascherine_declamano_poesie_-252889806\/?refresh_ce&amp;fbclid=IwAR2RlhzdYH1AXp5pyt_Hw4XhPjFSCHG97WpDIcvMGbinEs2MSpv-7JjiyHM#2\">https:\/\/napoli.repubblica.it\/cronaca\/2020\/04\/01\/foto\/coronavirus_l_idea_di_simona_le_mie_mascherine_declamano_poesie_-252889806\/?refresh_ce&amp;fbclid=IwAR2RlhzdYH1AXp5pyt_Hw4XhPjFSCHG97WpDIcvMGbinEs2MSpv-7JjiyHM#2<\/a><\/p>\n","protected":false},"excerpt":{"rendered":"<p>Cronache dal futuro ARTE (ma non solo) Francesco Cascino \u201cIl ruolo dell\u2019arte durante e dopo la pandemia\u201d: \u201cL\u2019arte \u00e8 risposta, \u00e8 problem solving: chi progetta e realizza soluzioni per intervenire su processi e sistemi complessi di ogni genere, dall\u2019agricoltura al turismo, dall\u2019urbanistica all\u2019industria, dai servizi al commercio, lo sa bene, perch\u00e9 l\u2018ha esperita e ne [&hellip;]<\/p>\n","protected":false},"author":268,"featured_media":0,"comment_status":"open","ping_status":"open","sticky":false,"template":"","format":"standard","meta":{"footnotes":""},"categories":[581,579],"tags":[],"class_list":["post-41285","post","type-post","status-publish","format-standard","hentry","category-in-evidenza","category-innovazione-sociale"],"_links":{"self":[{"href":"https:\/\/www.romainpiazza.cloud\/index.php\/wp-json\/wp\/v2\/posts\/41285","targetHints":{"allow":["GET"]}}],"collection":[{"href":"https:\/\/www.romainpiazza.cloud\/index.php\/wp-json\/wp\/v2\/posts"}],"about":[{"href":"https:\/\/www.romainpiazza.cloud\/index.php\/wp-json\/wp\/v2\/types\/post"}],"author":[{"embeddable":true,"href":"https:\/\/www.romainpiazza.cloud\/index.php\/wp-json\/wp\/v2\/users\/268"}],"replies":[{"embeddable":true,"href":"https:\/\/www.romainpiazza.cloud\/index.php\/wp-json\/wp\/v2\/comments?post=41285"}],"version-history":[{"count":1,"href":"https:\/\/www.romainpiazza.cloud\/index.php\/wp-json\/wp\/v2\/posts\/41285\/revisions"}],"predecessor-version":[{"id":41287,"href":"https:\/\/www.romainpiazza.cloud\/index.php\/wp-json\/wp\/v2\/posts\/41285\/revisions\/41287"}],"wp:attachment":[{"href":"https:\/\/www.romainpiazza.cloud\/index.php\/wp-json\/wp\/v2\/media?parent=41285"}],"wp:term":[{"taxonomy":"category","embeddable":true,"href":"https:\/\/www.romainpiazza.cloud\/index.php\/wp-json\/wp\/v2\/categories?post=41285"},{"taxonomy":"post_tag","embeddable":true,"href":"https:\/\/www.romainpiazza.cloud\/index.php\/wp-json\/wp\/v2\/tags?post=41285"}],"curies":[{"name":"wp","href":"https:\/\/api.w.org\/{rel}","templated":true}]}}