{"id":41279,"date":"2020-04-11T09:22:11","date_gmt":"2020-04-11T07:22:11","guid":{"rendered":"http:\/\/www.romainpiazza.it\/?p=41279"},"modified":"2020-04-11T09:24:00","modified_gmt":"2020-04-11T07:24:00","slug":"cronache-dal-futuro-pasqua","status":"publish","type":"post","link":"https:\/\/www.romainpiazza.cloud\/index.php\/cronache-dal-futuro-pasqua\/","title":{"rendered":"Cronache dal futuro PASQUA"},"content":{"rendered":"<p><a href=\"http:\/\/www.romainpiazza.cloud\/wp-content\/uploads\/2020\/04\/44E205A5-1BD1-4A28-A95E-9A5EFD2C41E9.png\"><img loading=\"lazy\" decoding=\"async\" class=\"alignnone size-medium wp-image-41280\" src=\"http:\/\/www.romainpiazza.cloud\/wp-content\/uploads\/2020\/04\/44E205A5-1BD1-4A28-A95E-9A5EFD2C41E9-300x168.png\" alt=\"44E205A5-1BD1-4A28-A95E-9A5EFD2C41E9\" width=\"300\" height=\"168\" srcset=\"https:\/\/www.romainpiazza.cloud\/wp-content\/uploads\/2020\/04\/44E205A5-1BD1-4A28-A95E-9A5EFD2C41E9-300x168.png 300w, https:\/\/www.romainpiazza.cloud\/wp-content\/uploads\/2020\/04\/44E205A5-1BD1-4A28-A95E-9A5EFD2C41E9-1024x576.png 1024w, https:\/\/www.romainpiazza.cloud\/wp-content\/uploads\/2020\/04\/44E205A5-1BD1-4A28-A95E-9A5EFD2C41E9.png 1280w\" sizes=\"auto, (max-width: 300px) 100vw, 300px\" \/><\/a>Cronache dal futuro<\/p>\n<p>PASQUA<\/p>\n<p>\u201cNessuno si salva da solo\u201d: a rischio di apparire blasfemo vorrei dire che allora \u201cNessuno risorge da solo\u201d e quel Nessuno, che mi ricorda Ulisse e il Capitano Nemo, siamo tutti noi chiusi nelle nostre celle, sia quelli di noi che le viviamo come carceri che quelli che le viviamo come conventi.<\/p>\n<p>Siamo tutti Nessuno e tutti ci chiediamo quando arriver\u00e0 la nostra Pasqua di Resurrezione, quando ci sar\u00e0 questa sorpresa, e che tipo di sorpresa sar\u00e0, come ritroveremo il mondo, e come ci ritroveremo nel mondo.<br \/>\nChe sorpresa ci riserver\u00e0 la nostra Risurrezione?<br \/>\nSar\u00e0 una gioia o una delusione ritrovare le nostre vite, avremo ancora voglia e forza di riprendere i nostri ruoli, e ci scopriremo nuovi o quelli di sempre, solo un po\u2019 pi\u00f9 stantii?<br \/>\nImmagino gi\u00e0 i primi passi, come di nuovo bambini, le vetrine, i rumori, la gente, saremo di nuovo frenetici, o stenteremo a riprendere i ritmi di sempre come restii di rinunciare a qualcosa di noi che abbiamo scoperto: una sconosciuta capacit\u00e0 di stare in silenzio, da soli, a guardare il tempo che passa, il tempo che sembra non esistere pi\u00f9, quello stesso tempo che prima ci tiranneggiava anche quando lo chiamavamo tempo libero, ci rimetteremo insomma sotto la dittatura del tempo, e ci rinchiuderemo di nuovo nelle fughe nello spazio, incapaci di accettare quella nostra limitatezza che finalmente abbiamo scoperto di avere?<br \/>\nE ritroveremo anche quelle distanze che ci erano finalmente sembrate false, le distanze tra il centro e le periferie, le distanze tra i ricchi e i poveri, tra i potenti e gli umili, tra i sapienti e gli ignoranti\u2026tutti rinchiusi nella stessa uguale distanza di un metro e mezzo?<br \/>\nChe la Pasqua, che questa Pasqua regali a tutti noi queste domande e uno stesso desiderio di risposte per il nostro comune futuro, per la nostra solidale Resurrezione.<\/p>\n","protected":false},"excerpt":{"rendered":"<p>Cronache dal futuro PASQUA \u201cNessuno si salva da solo\u201d: a rischio di apparire blasfemo vorrei dire che allora \u201cNessuno risorge da solo\u201d e quel Nessuno, che mi ricorda Ulisse e il Capitano Nemo, siamo tutti noi chiusi nelle nostre celle, sia quelli di noi che le viviamo come carceri che quelli che le viviamo come [&hellip;]<\/p>\n","protected":false},"author":268,"featured_media":0,"comment_status":"open","ping_status":"open","sticky":false,"template":"","format":"standard","meta":{"footnotes":""},"categories":[581,579],"tags":[],"class_list":["post-41279","post","type-post","status-publish","format-standard","hentry","category-in-evidenza","category-innovazione-sociale"],"_links":{"self":[{"href":"https:\/\/www.romainpiazza.cloud\/index.php\/wp-json\/wp\/v2\/posts\/41279","targetHints":{"allow":["GET"]}}],"collection":[{"href":"https:\/\/www.romainpiazza.cloud\/index.php\/wp-json\/wp\/v2\/posts"}],"about":[{"href":"https:\/\/www.romainpiazza.cloud\/index.php\/wp-json\/wp\/v2\/types\/post"}],"author":[{"embeddable":true,"href":"https:\/\/www.romainpiazza.cloud\/index.php\/wp-json\/wp\/v2\/users\/268"}],"replies":[{"embeddable":true,"href":"https:\/\/www.romainpiazza.cloud\/index.php\/wp-json\/wp\/v2\/comments?post=41279"}],"version-history":[{"count":3,"href":"https:\/\/www.romainpiazza.cloud\/index.php\/wp-json\/wp\/v2\/posts\/41279\/revisions"}],"predecessor-version":[{"id":41284,"href":"https:\/\/www.romainpiazza.cloud\/index.php\/wp-json\/wp\/v2\/posts\/41279\/revisions\/41284"}],"wp:attachment":[{"href":"https:\/\/www.romainpiazza.cloud\/index.php\/wp-json\/wp\/v2\/media?parent=41279"}],"wp:term":[{"taxonomy":"category","embeddable":true,"href":"https:\/\/www.romainpiazza.cloud\/index.php\/wp-json\/wp\/v2\/categories?post=41279"},{"taxonomy":"post_tag","embeddable":true,"href":"https:\/\/www.romainpiazza.cloud\/index.php\/wp-json\/wp\/v2\/tags?post=41279"}],"curies":[{"name":"wp","href":"https:\/\/api.w.org\/{rel}","templated":true}]}}