{"id":41268,"date":"2020-03-31T15:06:54","date_gmt":"2020-03-31T13:06:54","guid":{"rendered":"http:\/\/www.romainpiazza.it\/?p=41268"},"modified":"2020-03-31T15:06:54","modified_gmt":"2020-03-31T13:06:54","slug":"cronache-dal-futuro-scuola","status":"publish","type":"post","link":"https:\/\/www.romainpiazza.cloud\/index.php\/cronache-dal-futuro-scuola\/","title":{"rendered":"Cronache dal futuro SCUOLA"},"content":{"rendered":"<p><a href=\"http:\/\/www.romainpiazza.cloud\/wp-content\/uploads\/2020\/03\/scuola.jpg\"><img loading=\"lazy\" decoding=\"async\" class=\"alignnone size-medium wp-image-41269\" src=\"http:\/\/www.romainpiazza.cloud\/wp-content\/uploads\/2020\/03\/scuola-300x168.jpg\" alt=\"scuola\" width=\"300\" height=\"168\" srcset=\"https:\/\/www.romainpiazza.cloud\/wp-content\/uploads\/2020\/03\/scuola-300x168.jpg 300w, https:\/\/www.romainpiazza.cloud\/wp-content\/uploads\/2020\/03\/scuola.jpg 960w\" sizes=\"auto, (max-width: 300px) 100vw, 300px\" \/><\/a>\u00a0Cronache dal futuro<br \/>\nSCUOLA<br \/>\nRoberto Maragliano: \u201cLa scuola italiana \u00e8 pronta ad affrontare l&#8217;avventura nel digitale? Come dico nel video la risposta \u00e8 no. La scuola di prima della crisi del coronavirus non pu\u00f2 avere un futuro. Perch\u00e9 riproduce un modello messo a punto nel passaggio tra Otto e Novecento. E&#8217; la scuola del leggere, scrivere, far di conto e del sapere disciplinare. Un modello europeo basato sull\u2019esclusivit\u00e0 della formazione umanistica o umanistico\/scientifica.<br \/>\n<span class=\"text_exposed_show\">Quel modello non \u00e8 pi\u00f9 competitivo rispetto alla formazione parallela che le societ\u00e0 sono andate sviluppando attraverso i media della comunicazione sociale. Con l&#8217;azione di questi altri media \u00e8 andata via via affermandosi una diversa accezione di democrazia del sapere e una diversa modalit\u00e0 di partecipazione della collettivit\u00e0 alla sua realizzazione. Si \u00e8 legittimato, anche a livello di senso comune, un modo di produrre e praticare il conoscere pi\u00f9 coerente con le grosse rivoluzioni che sono andate via via maturando in tutti i campi del sapere.<br \/>\nDall&#8217;immobilismo della scuola non si esce limitandosi ad introdurre al suo interno dei mezzi pi\u00f9 performativi dei precedenti, ma ripensando l&#8217;intero assetto dei saperi e della didattica. Non regge la ripartizione tra discipline, in quanto la realt\u00e0 della produzione di sapere \u00e8 fatta pi\u00f9 di legami che di divisioni. Non regge la gerarchia interna ai saperi umanistici, con i codici scrittori intesi come pi\u00f9 potenti di quelli visivi e sonori. Non regge un apprendimento tutto centrato sulla lettura e cos\u00ec poco attento all&#8217;operativit\u00e0. Non regge un sistema di valutazione formalmente punitivo, comunque sganciato da una effettiva funzionalit\u00e0 didattica.<br \/>\nOccorrer\u00e0 cambiare la scuola altrimenti la societ\u00e0 trover\u00e0 delle alternative alla scuola, come sta gi\u00e0 facendo. E a pagare il prezzo saranno, ancora una volta, i pi\u00f9 deboli.\u201d<br \/>\nVideo \u201cLa scuola in movimento: intervista a\u00a0<a class=\"profileLink\" title=\"Roberto Maragliano\" href=\"https:\/\/www.facebook.com\/roberto.maragliano?__tn__=%2CdK-R-R&amp;eid=ARBaBeuZdluLfMmE4ux8RpwndGmNO9dwYq7fXzvpjSod6gDdHB4UxMgddRMtvi9DYjQEhzKVu1LXPXdn&amp;fref=mentions\" data-hovercard=\"\/ajax\/hovercard\/user.php?id=1535416992&amp;extragetparams=%7B%22__tn__%22%3A%22%2CdK-R-R%22%2C%22eid%22%3A%22ARBaBeuZdluLfMmE4ux8RpwndGmNO9dwYq7fXzvpjSod6gDdHB4UxMgddRMtvi9DYjQEhzKVu1LXPXdn%22%2C%22fref%22%3A%22mentions%22%7D\" data-hovercard-prefer-more-content-show=\"1\">Roberto Maragliano<\/a>\u00a0:<br \/>\n<a href=\"https:\/\/m.youtube.com\/watch?v=Rv8h-nCJhQ8&amp;feature=youtu.be&amp;fbclid=IwAR3skuvivTOC5UEuMFakiyet4it1RROyzQ98RnFd0tExC-Tsgeosba63Gv8\" target=\"_blank\" rel=\"noopener nofollow\" data-ft=\"{&quot;tn&quot;:&quot;-U&quot;}\" data-lynx-mode=\"asynclazy\" data-lynx-uri=\"https:\/\/l.facebook.com\/l.php?u=https%3A%2F%2Fm.youtube.com%2Fwatch%3Fv%3DRv8h-nCJhQ8%26feature%3Dyoutu.be%26fbclid%3DIwAR3skuvivTOC5UEuMFakiyet4it1RROyzQ98RnFd0tExC-Tsgeosba63Gv8&amp;h=AT1zjTJpyLVVeaspqjZ_z9keO0QYJxuL3642RAMtEffkAT9PfuGQEwEYSBBy6pYmBryh2olzBbmpjg67WxBKmPNWGusSyDVSVWKRWi4y1BrAaCvPAVmr51gAnBhgLTVVJaAEI7R8Q27nM7RfFidKcpCvHDpaaEubvte3MVw\">https:\/\/m.youtube.com\/watch?v=Rv8h-nCJhQ8&amp;feature=youtu.be<\/a><\/span><\/p>\n","protected":false},"excerpt":{"rendered":"<p>\u00a0Cronache dal futuro SCUOLA Roberto Maragliano: \u201cLa scuola italiana \u00e8 pronta ad affrontare l&#8217;avventura nel digitale? Come dico nel video la risposta \u00e8 no. La scuola di prima della crisi del coronavirus non pu\u00f2 avere un futuro. Perch\u00e9 riproduce un modello messo a punto nel passaggio tra Otto e Novecento. E&#8217; la scuola del leggere, [&hellip;]<\/p>\n","protected":false},"author":268,"featured_media":0,"comment_status":"open","ping_status":"open","sticky":false,"template":"","format":"standard","meta":{"footnotes":""},"categories":[581,579],"tags":[],"class_list":["post-41268","post","type-post","status-publish","format-standard","hentry","category-in-evidenza","category-innovazione-sociale"],"_links":{"self":[{"href":"https:\/\/www.romainpiazza.cloud\/index.php\/wp-json\/wp\/v2\/posts\/41268","targetHints":{"allow":["GET"]}}],"collection":[{"href":"https:\/\/www.romainpiazza.cloud\/index.php\/wp-json\/wp\/v2\/posts"}],"about":[{"href":"https:\/\/www.romainpiazza.cloud\/index.php\/wp-json\/wp\/v2\/types\/post"}],"author":[{"embeddable":true,"href":"https:\/\/www.romainpiazza.cloud\/index.php\/wp-json\/wp\/v2\/users\/268"}],"replies":[{"embeddable":true,"href":"https:\/\/www.romainpiazza.cloud\/index.php\/wp-json\/wp\/v2\/comments?post=41268"}],"version-history":[{"count":1,"href":"https:\/\/www.romainpiazza.cloud\/index.php\/wp-json\/wp\/v2\/posts\/41268\/revisions"}],"predecessor-version":[{"id":41270,"href":"https:\/\/www.romainpiazza.cloud\/index.php\/wp-json\/wp\/v2\/posts\/41268\/revisions\/41270"}],"wp:attachment":[{"href":"https:\/\/www.romainpiazza.cloud\/index.php\/wp-json\/wp\/v2\/media?parent=41268"}],"wp:term":[{"taxonomy":"category","embeddable":true,"href":"https:\/\/www.romainpiazza.cloud\/index.php\/wp-json\/wp\/v2\/categories?post=41268"},{"taxonomy":"post_tag","embeddable":true,"href":"https:\/\/www.romainpiazza.cloud\/index.php\/wp-json\/wp\/v2\/tags?post=41268"}],"curies":[{"name":"wp","href":"https:\/\/api.w.org\/{rel}","templated":true}]}}