{"id":40685,"date":"2017-02-25T19:40:49","date_gmt":"2017-02-25T18:40:49","guid":{"rendered":"http:\/\/www.romainpiazza.it\/?p=40685"},"modified":"2017-03-06T16:31:41","modified_gmt":"2017-03-06T15:31:41","slug":"comunicato-stampa-coordinamento-nidi-convenzionati","status":"publish","type":"post","link":"https:\/\/www.romainpiazza.cloud\/index.php\/comunicato-stampa-coordinamento-nidi-convenzionati\/","title":{"rendered":"Comunicato stampa Coordinamento Nidi Convenzionati"},"content":{"rendered":"<p style=\"text-align: justify;\">Il 21 Febbraio abbiamo incontrato come Coordinamento Nidi Convenzionati, la Commissione Scuola del Comune di Roma, presente anche il Dott. Saccotelli, Direttore del Dip.to Scuola. E&#8217; evidente la volont\u00e0 non dichiarata dell&#8217;amministrazione Raggi di annullare a Roma l&#8217;esperienza dei Nidi Convenzionati. Questo vuol dire, in concreto, abolire il pi\u00f9 grande esperimento di imprenditoria femminile concentrato in una area metropolitana presente in Italia, oltre 250 nidi convenzionati che svolgono una funzione educativa e pedagogica pubblica, con costi vantaggiosi per l&#8217;Amministrazione, a parit\u00e0 di qualit\u00e0 del sevizio reso. La scusa, \u00e8 una riduzione della domanda. Questo fenomeno, \u00e8 sicuramente presente ma, ha cause certe: 1) l&#8217;aumento spropositato delle tariffe; 2) la mancata semplificazione amministrativa; 3) l&#8217;incapacit\u00e0 comunicativa dell&#8217;Ente Locale; 4) il mancato contrasto all&#8217;abusivismo educativo. Invece di contrastare le difficolt\u00e0, chiamando tutti gli operatori educativi a condividere le responsabilit\u00e0 di innovate il sistema dell&#8217;offerta con qualit\u00e0 e flessibilit\u00e0 per i bisogni delle famiglie,l&#8217;Amministrazione Raggi gioca la carta corporativa, creando una guerra tra poveri e abolendo il sistema convenzionato, come avverrebbe, se nel prossimo bando venisse immesso l&#8217;obbligo di scelta per le famiglie tra 5 asili pubblici prima di poter scegliere un asilo privato convenzionato. Cosa provoca questa scelta: 1) oltre 2.000 licenziamenti di educatrici 2) oltre 250 imprese femminili in fallimento 3) l&#8217;interruzione del pi\u00f9 grande progetto educativo integrato in Italia Restiamo a disposizione per incontrarvi e vi comunichiamo che presto saranno intraprese anche azioni di mobilitazione.<\/p>\n","protected":false},"excerpt":{"rendered":"<p>Il 21 Febbraio abbiamo incontrato come Coordinamento Nidi Convenzionati, la Commissione Scuola del Comune di Roma, presente anche il Dott. Saccotelli, Direttore del Dip.to Scuola. E&#8217; evidente la volont\u00e0 non dichiarata dell&#8217;amministrazione Raggi di annullare a Roma l&#8217;esperienza dei Nidi Convenzionati. Questo vuol dire, in concreto, abolire il pi\u00f9 grande esperimento di imprenditoria femminile concentrato [&hellip;]<\/p>\n","protected":false},"author":268,"featured_media":40686,"comment_status":"open","ping_status":"open","sticky":false,"template":"","format":"standard","meta":{"footnotes":""},"categories":[577],"tags":[],"class_list":["post-40685","post","type-post","status-publish","format-standard","has-post-thumbnail","hentry","category-primo-piano"],"_links":{"self":[{"href":"https:\/\/www.romainpiazza.cloud\/index.php\/wp-json\/wp\/v2\/posts\/40685","targetHints":{"allow":["GET"]}}],"collection":[{"href":"https:\/\/www.romainpiazza.cloud\/index.php\/wp-json\/wp\/v2\/posts"}],"about":[{"href":"https:\/\/www.romainpiazza.cloud\/index.php\/wp-json\/wp\/v2\/types\/post"}],"author":[{"embeddable":true,"href":"https:\/\/www.romainpiazza.cloud\/index.php\/wp-json\/wp\/v2\/users\/268"}],"replies":[{"embeddable":true,"href":"https:\/\/www.romainpiazza.cloud\/index.php\/wp-json\/wp\/v2\/comments?post=40685"}],"version-history":[{"count":2,"href":"https:\/\/www.romainpiazza.cloud\/index.php\/wp-json\/wp\/v2\/posts\/40685\/revisions"}],"predecessor-version":[{"id":40696,"href":"https:\/\/www.romainpiazza.cloud\/index.php\/wp-json\/wp\/v2\/posts\/40685\/revisions\/40696"}],"wp:featuredmedia":[{"embeddable":true,"href":"https:\/\/www.romainpiazza.cloud\/index.php\/wp-json\/wp\/v2\/media\/40686"}],"wp:attachment":[{"href":"https:\/\/www.romainpiazza.cloud\/index.php\/wp-json\/wp\/v2\/media?parent=40685"}],"wp:term":[{"taxonomy":"category","embeddable":true,"href":"https:\/\/www.romainpiazza.cloud\/index.php\/wp-json\/wp\/v2\/categories?post=40685"},{"taxonomy":"post_tag","embeddable":true,"href":"https:\/\/www.romainpiazza.cloud\/index.php\/wp-json\/wp\/v2\/tags?post=40685"}],"curies":[{"name":"wp","href":"https:\/\/api.w.org\/{rel}","templated":true}]}}